{"id":439,"date":"2010-04-05T11:24:03","date_gmt":"2010-04-05T08:24:03","guid":{"rendered":"http:\/\/animaatiokopla.fi\/wordpress\/?p=439"},"modified":"2016-04-06T16:52:26","modified_gmt":"2016-04-06T13:52:26","slug":"the-illustrated-city-kuvitettu-kaupunki","status":"publish","type":"post","link":"https:\/\/animaatiokopla.fi\/en\/the-illustrated-city-kuvitettu-kaupunki\/","title":{"rendered":"The Illustrated City \/ Kuvitettu Kaupunki"},"content":{"rendered":"<p><iframe loading=\"lazy\" src=\"https:\/\/player.vimeo.com\/video\/141877654\" width=\"747\" height=\"420\" frameborder=\"0\" title=\"The Illustrated City \/ Kuvitettu Kaupunki\" webkitallowfullscreen mozallowfullscreen allowfullscreen><\/iframe><\/p>\n<p>Kenelle kaupunki kuuluu?<\/p>\n<p>Ohjaus ja toteutus: Jan Andersson<\/p>\n<p>Musiikki ja \u00e4\u00e4net: Anton Sundstr\u00f6m<\/p>\n<p>Tuotanto: Animaation Apupy\u00f6r\u00e4<\/p>\n<p>2010<\/p>","protected":false},"excerpt":{"rendered":"Kenelle kaupunki kuuluu? Ohjaus ja toteutus: Jan Andersson Musiikki ja \u00e4\u00e4net: Anton Sundstr\u00f6m Tuotanto: Animaation Apupy\u00f6r\u00e4 2010\n [&#8230;]\n<a class=\"moretag\" href=\"https:\/\/animaatiokopla.fi\/en\/the-illustrated-city-kuvitettu-kaupunki\/\"> [...]<\/a>","protected":false},"author":3,"featured_media":440,"comment_status":"closed","ping_status":"open","sticky":false,"template":"","format":"standard","meta":{"footnotes":""},"categories":[14,16,19],"tags":[48,38,47],"class_list":["post-439","post","type-post","status-publish","format-standard","has-post-thumbnail","hentry","category-elokuvat","category-jan","category-nuket-ja-lavasteet","tag-lyhytelokuva","tag-piirrosanimaatio","tag-stopmotion"],"yoast_head":"<!-- This site is optimized with the Yoast SEO plugin v27.2 - https:\/\/yoast.com\/product\/yoast-seo-wordpress\/ -->\n<title>The Illustrated City \/ Kuvitettu Kaupunki - Animaatiokopla<\/title>\n<meta name=\"robots\" content=\"index, follow, max-snippet:-1, max-image-preview:large, max-video-preview:-1\" \/>\n<link rel=\"canonical\" href=\"https:\/\/animaatiokopla.fi\/en\/the-illustrated-city-kuvitettu-kaupunki\/\" \/>\n<meta property=\"og:locale\" content=\"en_US\" \/>\n<meta property=\"og:type\" content=\"article\" \/>\n<meta property=\"og:title\" content=\"The Illustrated City \/ Kuvitettu Kaupunki - Animaatiokopla\" \/>\n<meta property=\"og:description\" content=\"Kenelle kaupunki kuuluu? Ohjaus ja toteutus: Jan Andersson Musiikki ja \u00e4\u00e4net: Anton Sundstr\u00f6m Tuotanto: Animaation Apupy\u00f6r\u00e4 2010\" \/>\n<meta property=\"og:url\" content=\"https:\/\/animaatiokopla.fi\/en\/the-illustrated-city-kuvitettu-kaupunki\/\" \/>\n<meta property=\"og:site_name\" content=\"Animaatiokopla\" \/>\n<meta property=\"article:publisher\" content=\"http:\/\/www.facebook.com\/animaatiokopla\/\" \/>\n<meta property=\"article:published_time\" content=\"2010-04-05T08:24:03+00:00\" \/>\n<meta property=\"article:modified_time\" content=\"2016-04-06T13:52:26+00:00\" \/>\n<meta property=\"og:image\" content=\"https:\/\/animaatiokopla.fi\/wp-content\/uploads\/2016\/04\/Kuvitettu2.jpg\" \/>\n\t<meta property=\"og:image:width\" content=\"638\" \/>\n\t<meta property=\"og:image:height\" content=\"357\" \/>\n\t<meta property=\"og:image:type\" content=\"image\/jpeg\" \/>\n<meta name=\"author\" content=\"Jan Andersson\" \/>\n<meta name=\"twitter:card\" content=\"summary_large_image\" \/>\n<meta name=\"twitter:label1\" content=\"Written by\" \/>\n\t<meta name=\"twitter:data1\" content=\"\" \/>\n<script type=\"application\/ld+json\" class=\"yoast-schema-graph\">{\"@context\":\"https:\/\/schema.org\",\"@graph\":[{\"@type\":\"Article\",\"@id\":\"https:\/\/animaatiokopla.fi\/the-illustrated-city-kuvitettu-kaupunki\/#article\",\"isPartOf\":{\"@id\":\"https:\/\/animaatiokopla.fi\/the-illustrated-city-kuvitettu-kaupunki\/\"},\"author\":{\"name\":\"Jan Andersson\",\"@id\":\"https:\/\/animaatiokopla.fi\/#\/schema\/person\/eddbfb38fa1b6a04be88ed16fc4ba75a\"},\"headline\":\"The Illustrated City \/ Kuvitettu Kaupunki\",\"datePublished\":\"2010-04-05T08:24:03+00:00\",\"dateModified\":\"2016-04-06T13:52:26+00:00\",\"mainEntityOfPage\":{\"@id\":\"https:\/\/animaatiokopla.fi\/the-illustrated-city-kuvitettu-kaupunki\/\"},\"wordCount\":28,\"publisher\":{\"@id\":\"https:\/\/animaatiokopla.fi\/#organization\"},\"image\":{\"@id\":\"https:\/\/animaatiokopla.fi\/the-illustrated-city-kuvitettu-kaupunki\/#primaryimage\"},\"thumbnailUrl\":\"https:\/\/animaatiokopla.fi\/wp-content\/uploads\/2016\/04\/Kuvitettu2.jpg\",\"keywords\":[\"lyhytelokuva\",\"piirrosanimaatio\",\"stopmotion\"],\"articleSection\":[\"Elokuvat\",\"Jan\",\"Nuket ja lavasteet\"],\"inLanguage\":\"en-US\"},{\"@type\":\"WebPage\",\"@id\":\"https:\/\/animaatiokopla.fi\/the-illustrated-city-kuvitettu-kaupunki\/\",\"url\":\"https:\/\/animaatiokopla.fi\/the-illustrated-city-kuvitettu-kaupunki\/\",\"name\":\"The Illustrated City \/ Kuvitettu Kaupunki - Animaatiokopla\",\"isPartOf\":{\"@id\":\"https:\/\/animaatiokopla.fi\/#website\"},\"primaryImageOfPage\":{\"@id\":\"https:\/\/animaatiokopla.fi\/the-illustrated-city-kuvitettu-kaupunki\/#primaryimage\"},\"image\":{\"@id\":\"https:\/\/animaatiokopla.fi\/the-illustrated-city-kuvitettu-kaupunki\/#primaryimage\"},\"thumbnailUrl\":\"https:\/\/animaatiokopla.fi\/wp-content\/uploads\/2016\/04\/Kuvitettu2.jpg\",\"datePublished\":\"2010-04-05T08:24:03+00:00\",\"dateModified\":\"2016-04-06T13:52:26+00:00\",\"breadcrumb\":{\"@id\":\"https:\/\/animaatiokopla.fi\/the-illustrated-city-kuvitettu-kaupunki\/#breadcrumb\"},\"inLanguage\":\"en-US\",\"potentialAction\":[{\"@type\":\"ReadAction\",\"target\":[\"https:\/\/animaatiokopla.fi\/the-illustrated-city-kuvitettu-kaupunki\/\"]}]},{\"@type\":\"ImageObject\",\"inLanguage\":\"en-US\",\"@id\":\"https:\/\/animaatiokopla.fi\/the-illustrated-city-kuvitettu-kaupunki\/#primaryimage\",\"url\":\"https:\/\/animaatiokopla.fi\/wp-content\/uploads\/2016\/04\/Kuvitettu2.jpg\",\"contentUrl\":\"https:\/\/animaatiokopla.fi\/wp-content\/uploads\/2016\/04\/Kuvitettu2.jpg\",\"width\":638,\"height\":357},{\"@type\":\"BreadcrumbList\",\"@id\":\"https:\/\/animaatiokopla.fi\/the-illustrated-city-kuvitettu-kaupunki\/#breadcrumb\",\"itemListElement\":[{\"@type\":\"ListItem\",\"position\":1,\"name\":\"Home\",\"item\":\"https:\/\/animaatiokopla.fi\/\"},{\"@type\":\"ListItem\",\"position\":2,\"name\":\"The Illustrated City \/ Kuvitettu Kaupunki\"}]},{\"@type\":\"WebSite\",\"@id\":\"https:\/\/animaatiokopla.fi\/#website\",\"url\":\"https:\/\/animaatiokopla.fi\/\",\"name\":\"Animaatiokopla\",\"description\":\"Laatuanimaatiota jo vuodesta 2004\",\"publisher\":{\"@id\":\"https:\/\/animaatiokopla.fi\/#organization\"},\"potentialAction\":[{\"@type\":\"SearchAction\",\"target\":{\"@type\":\"EntryPoint\",\"urlTemplate\":\"https:\/\/animaatiokopla.fi\/?s={search_term_string}\"},\"query-input\":{\"@type\":\"PropertyValueSpecification\",\"valueRequired\":true,\"valueName\":\"search_term_string\"}}],\"inLanguage\":\"en-US\"},{\"@type\":\"Organization\",\"@id\":\"https:\/\/animaatiokopla.fi\/#organization\",\"name\":\"Animaatiokopla\",\"url\":\"https:\/\/animaatiokopla.fi\/\",\"logo\":{\"@type\":\"ImageObject\",\"inLanguage\":\"en-US\",\"@id\":\"https:\/\/animaatiokopla.fi\/#\/schema\/logo\/image\/\",\"url\":\"https:\/\/animaatiokopla.fi\/wp-content\/uploads\/2024\/05\/cropped-Animaatiokopla_logo_RGB_black.jpg\",\"contentUrl\":\"https:\/\/animaatiokopla.fi\/wp-content\/uploads\/2024\/05\/cropped-Animaatiokopla_logo_RGB_black.jpg\",\"width\":512,\"height\":512,\"caption\":\"Animaatiokopla\"},\"image\":{\"@id\":\"https:\/\/animaatiokopla.fi\/#\/schema\/logo\/image\/\"},\"sameAs\":[\"http:\/\/www.facebook.com\/animaatiokopla\/\",\"https:\/\/www.instagram.com\/animaatiokopla\/\",\"https:\/\/vimeo.com\/animaatiokopla\/\"]},{\"@type\":\"Person\",\"@id\":\"https:\/\/animaatiokopla.fi\/#\/schema\/person\/eddbfb38fa1b6a04be88ed16fc4ba75a\",\"name\":\"Jan Andersson\",\"image\":{\"@type\":\"ImageObject\",\"inLanguage\":\"en-US\",\"@id\":\"https:\/\/secure.gravatar.com\/avatar\/9f32aa8cc6e4a8a326f0c3719c009904c3edfe1030937d8746cb0e51c3bbf1c8?s=96&d=mm&r=g\",\"url\":\"https:\/\/secure.gravatar.com\/avatar\/9f32aa8cc6e4a8a326f0c3719c009904c3edfe1030937d8746cb0e51c3bbf1c8?s=96&d=mm&r=g\",\"contentUrl\":\"https:\/\/secure.gravatar.com\/avatar\/9f32aa8cc6e4a8a326f0c3719c009904c3edfe1030937d8746cb0e51c3bbf1c8?s=96&d=mm&r=g\",\"caption\":\"Jan Andersson\"},\"url\":\"https:\/\/animaatiokopla.fi\/en\/author\/jan\/\"}]}<\/script>\n<!-- \/ Yoast SEO plugin. -->","yoast_head_json":{"title":"The Illustrated City \/ Kuvitettu Kaupunki - Animaatiokopla","robots":{"index":"index","follow":"follow","max-snippet":"max-snippet:-1","max-image-preview":"max-image-preview:large","max-video-preview":"max-video-preview:-1"},"canonical":"https:\/\/animaatiokopla.fi\/en\/the-illustrated-city-kuvitettu-kaupunki\/","og_locale":"en_US","og_type":"article","og_title":"The Illustrated City \/ Kuvitettu Kaupunki - Animaatiokopla","og_description":"Kenelle kaupunki kuuluu? Ohjaus ja toteutus: Jan Andersson Musiikki ja \u00e4\u00e4net: Anton Sundstr\u00f6m Tuotanto: Animaation Apupy\u00f6r\u00e4 2010","og_url":"https:\/\/animaatiokopla.fi\/en\/the-illustrated-city-kuvitettu-kaupunki\/","og_site_name":"Animaatiokopla","article_publisher":"http:\/\/www.facebook.com\/animaatiokopla\/","article_published_time":"2010-04-05T08:24:03+00:00","article_modified_time":"2016-04-06T13:52:26+00:00","og_image":[{"width":638,"height":357,"url":"https:\/\/animaatiokopla.fi\/wp-content\/uploads\/2016\/04\/Kuvitettu2.jpg","type":"image\/jpeg"}],"author":"Jan Andersson","twitter_card":"summary_large_image","twitter_misc":{"Written by":false},"schema":{"@context":"https:\/\/schema.org","@graph":[{"@type":"Article","@id":"https:\/\/animaatiokopla.fi\/the-illustrated-city-kuvitettu-kaupunki\/#article","isPartOf":{"@id":"https:\/\/animaatiokopla.fi\/the-illustrated-city-kuvitettu-kaupunki\/"},"author":{"name":"Jan Andersson","@id":"https:\/\/animaatiokopla.fi\/#\/schema\/person\/eddbfb38fa1b6a04be88ed16fc4ba75a"},"headline":"The Illustrated City \/ Kuvitettu Kaupunki","datePublished":"2010-04-05T08:24:03+00:00","dateModified":"2016-04-06T13:52:26+00:00","mainEntityOfPage":{"@id":"https:\/\/animaatiokopla.fi\/the-illustrated-city-kuvitettu-kaupunki\/"},"wordCount":28,"publisher":{"@id":"https:\/\/animaatiokopla.fi\/#organization"},"image":{"@id":"https:\/\/animaatiokopla.fi\/the-illustrated-city-kuvitettu-kaupunki\/#primaryimage"},"thumbnailUrl":"https:\/\/animaatiokopla.fi\/wp-content\/uploads\/2016\/04\/Kuvitettu2.jpg","keywords":["lyhytelokuva","piirrosanimaatio","stopmotion"],"articleSection":["Elokuvat","Jan","Nuket ja lavasteet"],"inLanguage":"en-US"},{"@type":"WebPage","@id":"https:\/\/animaatiokopla.fi\/the-illustrated-city-kuvitettu-kaupunki\/","url":"https:\/\/animaatiokopla.fi\/the-illustrated-city-kuvitettu-kaupunki\/","name":"The Illustrated City \/ Kuvitettu Kaupunki - Animaatiokopla","isPartOf":{"@id":"https:\/\/animaatiokopla.fi\/#website"},"primaryImageOfPage":{"@id":"https:\/\/animaatiokopla.fi\/the-illustrated-city-kuvitettu-kaupunki\/#primaryimage"},"image":{"@id":"https:\/\/animaatiokopla.fi\/the-illustrated-city-kuvitettu-kaupunki\/#primaryimage"},"thumbnailUrl":"https:\/\/animaatiokopla.fi\/wp-content\/uploads\/2016\/04\/Kuvitettu2.jpg","datePublished":"2010-04-05T08:24:03+00:00","dateModified":"2016-04-06T13:52:26+00:00","breadcrumb":{"@id":"https:\/\/animaatiokopla.fi\/the-illustrated-city-kuvitettu-kaupunki\/#breadcrumb"},"inLanguage":"en-US","potentialAction":[{"@type":"ReadAction","target":["https:\/\/animaatiokopla.fi\/the-illustrated-city-kuvitettu-kaupunki\/"]}]},{"@type":"ImageObject","inLanguage":"en-US","@id":"https:\/\/animaatiokopla.fi\/the-illustrated-city-kuvitettu-kaupunki\/#primaryimage","url":"https:\/\/animaatiokopla.fi\/wp-content\/uploads\/2016\/04\/Kuvitettu2.jpg","contentUrl":"https:\/\/animaatiokopla.fi\/wp-content\/uploads\/2016\/04\/Kuvitettu2.jpg","width":638,"height":357},{"@type":"BreadcrumbList","@id":"https:\/\/animaatiokopla.fi\/the-illustrated-city-kuvitettu-kaupunki\/#breadcrumb","itemListElement":[{"@type":"ListItem","position":1,"name":"Home","item":"https:\/\/animaatiokopla.fi\/"},{"@type":"ListItem","position":2,"name":"The Illustrated City \/ Kuvitettu Kaupunki"}]},{"@type":"WebSite","@id":"https:\/\/animaatiokopla.fi\/#website","url":"https:\/\/animaatiokopla.fi\/","name":"Animaatiokopla","description":"Laatuanimaatiota jo vuodesta 2004","publisher":{"@id":"https:\/\/animaatiokopla.fi\/#organization"},"potentialAction":[{"@type":"SearchAction","target":{"@type":"EntryPoint","urlTemplate":"https:\/\/animaatiokopla.fi\/?s={search_term_string}"},"query-input":{"@type":"PropertyValueSpecification","valueRequired":true,"valueName":"search_term_string"}}],"inLanguage":"en-US"},{"@type":"Organization","@id":"https:\/\/animaatiokopla.fi\/#organization","name":"Animaatiokopla","url":"https:\/\/animaatiokopla.fi\/","logo":{"@type":"ImageObject","inLanguage":"en-US","@id":"https:\/\/animaatiokopla.fi\/#\/schema\/logo\/image\/","url":"https:\/\/animaatiokopla.fi\/wp-content\/uploads\/2024\/05\/cropped-Animaatiokopla_logo_RGB_black.jpg","contentUrl":"https:\/\/animaatiokopla.fi\/wp-content\/uploads\/2024\/05\/cropped-Animaatiokopla_logo_RGB_black.jpg","width":512,"height":512,"caption":"Animaatiokopla"},"image":{"@id":"https:\/\/animaatiokopla.fi\/#\/schema\/logo\/image\/"},"sameAs":["http:\/\/www.facebook.com\/animaatiokopla\/","https:\/\/www.instagram.com\/animaatiokopla\/","https:\/\/vimeo.com\/animaatiokopla\/"]},{"@type":"Person","@id":"https:\/\/animaatiokopla.fi\/#\/schema\/person\/eddbfb38fa1b6a04be88ed16fc4ba75a","name":"Jan Andersson","image":{"@type":"ImageObject","inLanguage":"en-US","@id":"https:\/\/secure.gravatar.com\/avatar\/9f32aa8cc6e4a8a326f0c3719c009904c3edfe1030937d8746cb0e51c3bbf1c8?s=96&d=mm&r=g","url":"https:\/\/secure.gravatar.com\/avatar\/9f32aa8cc6e4a8a326f0c3719c009904c3edfe1030937d8746cb0e51c3bbf1c8?s=96&d=mm&r=g","contentUrl":"https:\/\/secure.gravatar.com\/avatar\/9f32aa8cc6e4a8a326f0c3719c009904c3edfe1030937d8746cb0e51c3bbf1c8?s=96&d=mm&r=g","caption":"Jan Andersson"},"url":"https:\/\/animaatiokopla.fi\/en\/author\/jan\/"}]}},"_links":{"self":[{"href":"https:\/\/animaatiokopla.fi\/en\/wp-json\/wp\/v2\/posts\/439","targetHints":{"allow":["GET"]}}],"collection":[{"href":"https:\/\/animaatiokopla.fi\/en\/wp-json\/wp\/v2\/posts"}],"about":[{"href":"https:\/\/animaatiokopla.fi\/en\/wp-json\/wp\/v2\/types\/post"}],"author":[{"embeddable":true,"href":"https:\/\/animaatiokopla.fi\/en\/wp-json\/wp\/v2\/users\/3"}],"replies":[{"embeddable":true,"href":"https:\/\/animaatiokopla.fi\/en\/wp-json\/wp\/v2\/comments?post=439"}],"version-history":[{"count":1,"href":"https:\/\/animaatiokopla.fi\/en\/wp-json\/wp\/v2\/posts\/439\/revisions"}],"predecessor-version":[{"id":441,"href":"https:\/\/animaatiokopla.fi\/en\/wp-json\/wp\/v2\/posts\/439\/revisions\/441"}],"wp:featuredmedia":[{"embeddable":true,"href":"https:\/\/animaatiokopla.fi\/en\/wp-json\/wp\/v2\/media\/440"}],"wp:attachment":[{"href":"https:\/\/animaatiokopla.fi\/en\/wp-json\/wp\/v2\/media?parent=439"}],"wp:term":[{"taxonomy":"category","embeddable":true,"href":"https:\/\/animaatiokopla.fi\/en\/wp-json\/wp\/v2\/categories?post=439"},{"taxonomy":"post_tag","embeddable":true,"href":"https:\/\/animaatiokopla.fi\/en\/wp-json\/wp\/v2\/tags?post=439"}],"curies":[{"name":"wp","href":"https:\/\/api.w.org\/{rel}","templated":true}]}}